{"id":115,"date":"2019-10-04T10:09:36","date_gmt":"2019-10-04T08:09:36","guid":{"rendered":"http:\/\/un-homme-averti-en-vaut-deux.info\/?p=115"},"modified":"2019-10-04T10:09:36","modified_gmt":"2019-10-04T08:09:36","slug":"la-finance-est-folle-mais-tout-va-bien-madame-la-marquise","status":"publish","type":"post","link":"https:\/\/un-homme-averti-en-vaut-deux.info\/index.php\/2019\/10\/04\/la-finance-est-folle-mais-tout-va-bien-madame-la-marquise\/","title":{"rendered":"La finance est folle mais tout va bien madame la Marquise&#8230;"},"content":{"rendered":"\n<figure class=\"wp-block-image is-resized\"><img loading=\"lazy\" decoding=\"async\" src=\"http:\/\/un-homme-averti-en-vaut-deux.info\/wp-content\/uploads\/2019\/10\/toutvatresbien-300x228.jpeg\" alt=\"\" class=\"wp-image-121\" width=\"519\" height=\"394\"\/><\/figure>\n\n\n\n<p>Depuis mi-septembre, le march\u00e9 interbancaire am\u00e9ricain est en s\u00e9rieuses difficult\u00e9s. Les banques ne se font plus confiance et arr\u00eatent de s&#8217;emprunter de l&rsquo;argent car elles savent que leurs consoeurs d\u00e9tiennent des actifs \u00ab\u00a0toxiques\u00a0\u00bb sans pouvoir en \u00e9valuer le montant. Cette fois, ce ne sont plus des &lsquo;subprimes&rsquo;  (produit d\u00e9riv\u00e9 de cr\u00e9dits immobiliers accord\u00e9s \u00e0 des particuliers am\u00e9ricains peu solvables, mais les pr\u00eats \u00e9tudiants qui inqui\u00e8tent les march\u00e9s.<\/p>\n\n\n\n<p>Les r\u00e9gulateurs am\u00e9ricains viennent de d\u00e9clarer que l&rsquo;industrie am\u00e9ricaine rentre en r\u00e9cession ce qui va impacter les m\u00e9nages, mais aussi les \u00e9tudiants qui y font des petits boulots. <\/p>\n\n\n\n<p>Pour \u00e9viter que les march\u00e9s inter-bancaires ne soient bloqu\u00e9s et que les taux d&#8217;emprunts n&rsquo;augmentent (le 22\/09, le taux des emprunts court terme a atteint 10%), la FED a d\u00e9cid\u00e9 d&rsquo;injecter massivement des liquidit\u00e9s. Depuis le 19\/9, c&rsquo;est donc plusieurs dizaines de Milliards de Dollars qui sont inject\u00e9s tous les 2\/3 jours. Au 4\/10, date de cet article, ce sont d\u00e9j\u00e0 278 Milliards de Dollars et la FED se dit pr\u00eate \u00e0 aller jusqu&rsquo;\u00e0 1050 Milliards de Dollards de liquidit\u00e9s en octobre si n\u00e9cessaire. <\/p>\n\n\n\n<p>Pour rappel, la derni\u00e8re fois que cela s&rsquo;est produit, c&rsquo;\u00e9tait en 2008, 3 semaines avant la crise des subprimes.  <\/p>\n\n\n\n<p>L&rsquo;info est finalement peu relay\u00e9e en une des sites d&rsquo;\u00e9conomie. Il faut chercher avec le mot cl\u00e9 <a href=\"https:\/\/fr.wikipedia.org\/wiki\/Repo\">REPO<\/a> pour trouver des contenus \u00e0 ce sujet. Les unes dans pas un seul journal de presse \u00e9conomique qui en parle.<\/p>\n\n\n\n<p>Enfin, je vous recommande la lecture de l&rsquo;analyse de la crise de 2008 par Charles Sannat. Ca fait 30 pages mais \u00e7\u00e0 r\u00e9sume bien le probl\u00e8me.<\/p>\n\n\n\n<p><a href=\"https:\/\/www.aucoffre.com\/upload\/documents\/raisons-crise.pdf\">https:\/\/www.aucoffre.com\/upload\/documents\/raisons-crise.pdf<\/a><\/p>\n\n\n\n<p><a href=\"https:\/\/www.boursedirect.fr\/fr\/actualites\/categorie\/marche-us\/wall-street-plombe-par-l-economie-et-le-commerce-boursier-6500e69537642c74acfd38f62c709bc5c3cb42ff\">https:\/\/www.boursedirect.fr\/fr\/actualites\/categorie\/marche-us\/wall-street-plombe-par-l-economie-et-le-commerce-boursier-6500e69537642c74acfd38f62c709bc5c3cb42ff<\/a><\/p>\n\n\n\n<p><a href=\"https:\/\/www.lesechos.fr\/finance-marches\/marches-financiers\/la-fed-sinterroge-sur-lorigine-de-la-crise-du-repo-1133677\">https:\/\/www.lesechos.fr\/finance-marches\/marches-financiers\/la-fed-sinterroge-sur-lorigine-de-la-crise-du-repo-113367<\/a><\/p>\n\n\n\n<figure class=\"wp-block-embed-wordpress wp-block-embed is-type-wp-embed is-provider-insolentiae\"><div class=\"wp-block-embed__wrapper\">\n<blockquote class=\"wp-embedded-content\" data-secret=\"RK9oU8Vcbu\"><a href=\"https:\/\/insolentiae.com\/crise-du-repo-les-injections-baisse\/\">\u00abImportant. Crise du Repo, les injections de la FED diminuent ! \u00bb L\u2019\u00e9dito de Charles SANNAT<\/a><\/blockquote><iframe loading=\"lazy\" class=\"wp-embedded-content\" sandbox=\"allow-scripts\" security=\"restricted\" style=\"position: absolute; visibility: hidden;\" title=\"\u00ab\u00a0\u00abImportant. Crise du Repo, les injections de la FED diminuent ! \u00bb L\u2019\u00e9dito de Charles SANNAT\u00a0\u00bb &#8212; Insolentiae\" src=\"https:\/\/insolentiae.com\/crise-du-repo-les-injections-baisse\/embed\/#?secret=PgoeVf36um#?secret=RK9oU8Vcbu\" data-secret=\"RK9oU8Vcbu\" width=\"600\" height=\"338\" frameborder=\"0\" marginwidth=\"0\" marginheight=\"0\" scrolling=\"no\"><\/iframe>\n<\/div><\/figure>\n","protected":false},"excerpt":{"rendered":"<p>Depuis mi-septembre, le march\u00e9 interbancaire am\u00e9ricain est en s\u00e9rieuses difficult\u00e9s. Les banques ne se font plus confiance et arr\u00eatent de s&#8217;emprunter de l&rsquo;argent car elles savent que leurs consoeurs d\u00e9tiennent des actifs \u00ab\u00a0toxiques\u00a0\u00bb sans pouvoir en \u00e9valuer le montant. Cette fois, ce ne sont plus des &lsquo;subprimes&rsquo; (produit d\u00e9riv\u00e9 de cr\u00e9dits immobiliers accord\u00e9s \u00e0 des [&hellip;]<\/p>\n","protected":false},"author":2,"featured_media":0,"comment_status":"open","ping_status":"open","sticky":false,"template":"","format":"standard","meta":{"_jetpack_memberships_contains_paid_content":false,"footnotes":"","jetpack_publicize_message":"","jetpack_publicize_feature_enabled":true,"jetpack_social_post_already_shared":true,"jetpack_social_options":{"image_generator_settings":{"template":"highway","default_image_id":0,"enabled":false},"version":2}},"categories":[6],"tags":[],"class_list":["post-115","post","type-post","status-publish","format-standard","hentry","category-finances"],"jetpack_publicize_connections":[],"jetpack_featured_media_url":"","jetpack_sharing_enabled":true,"_links":{"self":[{"href":"https:\/\/un-homme-averti-en-vaut-deux.info\/index.php\/wp-json\/wp\/v2\/posts\/115","targetHints":{"allow":["GET"]}}],"collection":[{"href":"https:\/\/un-homme-averti-en-vaut-deux.info\/index.php\/wp-json\/wp\/v2\/posts"}],"about":[{"href":"https:\/\/un-homme-averti-en-vaut-deux.info\/index.php\/wp-json\/wp\/v2\/types\/post"}],"author":[{"embeddable":true,"href":"https:\/\/un-homme-averti-en-vaut-deux.info\/index.php\/wp-json\/wp\/v2\/users\/2"}],"replies":[{"embeddable":true,"href":"https:\/\/un-homme-averti-en-vaut-deux.info\/index.php\/wp-json\/wp\/v2\/comments?post=115"}],"version-history":[{"count":2,"href":"https:\/\/un-homme-averti-en-vaut-deux.info\/index.php\/wp-json\/wp\/v2\/posts\/115\/revisions"}],"predecessor-version":[{"id":122,"href":"https:\/\/un-homme-averti-en-vaut-deux.info\/index.php\/wp-json\/wp\/v2\/posts\/115\/revisions\/122"}],"wp:attachment":[{"href":"https:\/\/un-homme-averti-en-vaut-deux.info\/index.php\/wp-json\/wp\/v2\/media?parent=115"}],"wp:term":[{"taxonomy":"category","embeddable":true,"href":"https:\/\/un-homme-averti-en-vaut-deux.info\/index.php\/wp-json\/wp\/v2\/categories?post=115"},{"taxonomy":"post_tag","embeddable":true,"href":"https:\/\/un-homme-averti-en-vaut-deux.info\/index.php\/wp-json\/wp\/v2\/tags?post=115"}],"curies":[{"name":"wp","href":"https:\/\/api.w.org\/{rel}","templated":true}]}}