{"id":134,"date":"2019-10-09T08:44:19","date_gmt":"2019-10-09T06:44:19","guid":{"rendered":"http:\/\/un-homme-averti-en-vaut-deux.info\/?p=134"},"modified":"2019-10-07T11:47:18","modified_gmt":"2019-10-07T09:47:18","slug":"role-de-lecole-eduquer-mais-pas-que","status":"publish","type":"post","link":"https:\/\/un-homme-averti-en-vaut-deux.info\/index.php\/2019\/10\/09\/role-de-lecole-eduquer-mais-pas-que\/","title":{"rendered":"R\u00f4le de l&rsquo;\u00e9cole, \u00e9duquer mais pas que&#8230;"},"content":{"rendered":"\n<p><a href=\"https:\/\/www.bastamag.net\/Rentree-scolaire-ecole-publique-pedagogie-Freinet-enseignants-greve-parents-d-eleves-Veronique-Decker?fbclid=IwAR236d3RCN93Gwq18nQavdM2ZfJj5D6-7AxGEmiTxFv0KAg7t1X8dh8V7w0\">https:\/\/www.bastamag.net\/Rentree-scolaire-ecole-publique-pedagogie-Freinet-enseignants-greve-parents-d-eleves-Veronique-Decker?fbclid=IwAR236d3RCN93Gwq18nQavdM2ZfJj5D6-7AxGEmiTxFv0KAg7t1X8dh8V7w0<\/a><\/p>\n\n\n\n<p>Notre m\u00e9tier, c&rsquo;est de former une g\u00e9n\u00e9ration qui prendra en main la destin\u00e9e du monde d\u2019ici 25 ans\u00a0\u00bb. C&rsquo;est redonner ses lettres de noblesses \u00e0 l&rsquo;\u00e9cole et un projet ambitieux aux enseignants au dela des apprentissages fondamentaux<\/p>\n","protected":false},"excerpt":{"rendered":"<p>https:\/\/www.bastamag.net\/Rentree-scolaire-ecole-publique-pedagogie-Freinet-enseignants-greve-parents-d-eleves-Veronique-Decker?fbclid=IwAR236d3RCN93Gwq18nQavdM2ZfJj5D6-7AxGEmiTxFv0KAg7t1X8dh8V7w0 Notre m\u00e9tier, c&rsquo;est de former une g\u00e9n\u00e9ration qui prendra en main la destin\u00e9e du monde d\u2019ici 25 ans\u00a0\u00bb. C&rsquo;est redonner ses lettres de noblesses \u00e0 l&rsquo;\u00e9cole et un projet ambitieux aux enseignants au dela des apprentissages fondamentaux<\/p>\n","protected":false},"author":2,"featured_media":0,"comment_status":"open","ping_status":"open","sticky":false,"template":"","format":"standard","meta":{"_jetpack_memberships_contains_paid_content":false,"footnotes":"","jetpack_publicize_message":"","jetpack_publicize_feature_enabled":true,"jetpack_social_post_already_shared":true,"jetpack_social_options":{"image_generator_settings":{"template":"highway","default_image_id":0,"enabled":false},"version":2}},"categories":[7,9],"tags":[],"class_list":["post-134","post","type-post","status-publish","format-standard","hentry","category-education","category-externes"],"jetpack_publicize_connections":[],"jetpack_featured_media_url":"","jetpack_sharing_enabled":true,"_links":{"self":[{"href":"https:\/\/un-homme-averti-en-vaut-deux.info\/index.php\/wp-json\/wp\/v2\/posts\/134","targetHints":{"allow":["GET"]}}],"collection":[{"href":"https:\/\/un-homme-averti-en-vaut-deux.info\/index.php\/wp-json\/wp\/v2\/posts"}],"about":[{"href":"https:\/\/un-homme-averti-en-vaut-deux.info\/index.php\/wp-json\/wp\/v2\/types\/post"}],"author":[{"embeddable":true,"href":"https:\/\/un-homme-averti-en-vaut-deux.info\/index.php\/wp-json\/wp\/v2\/users\/2"}],"replies":[{"embeddable":true,"href":"https:\/\/un-homme-averti-en-vaut-deux.info\/index.php\/wp-json\/wp\/v2\/comments?post=134"}],"version-history":[{"count":1,"href":"https:\/\/un-homme-averti-en-vaut-deux.info\/index.php\/wp-json\/wp\/v2\/posts\/134\/revisions"}],"predecessor-version":[{"id":135,"href":"https:\/\/un-homme-averti-en-vaut-deux.info\/index.php\/wp-json\/wp\/v2\/posts\/134\/revisions\/135"}],"wp:attachment":[{"href":"https:\/\/un-homme-averti-en-vaut-deux.info\/index.php\/wp-json\/wp\/v2\/media?parent=134"}],"wp:term":[{"taxonomy":"category","embeddable":true,"href":"https:\/\/un-homme-averti-en-vaut-deux.info\/index.php\/wp-json\/wp\/v2\/categories?post=134"},{"taxonomy":"post_tag","embeddable":true,"href":"https:\/\/un-homme-averti-en-vaut-deux.info\/index.php\/wp-json\/wp\/v2\/tags?post=134"}],"curies":[{"name":"wp","href":"https:\/\/api.w.org\/{rel}","templated":true}]}}