{"id":160,"date":"2019-11-15T11:06:53","date_gmt":"2019-11-15T10:06:53","guid":{"rendered":"http:\/\/un-homme-averti-en-vaut-deux.info\/?p=160"},"modified":"2019-11-15T11:06:53","modified_gmt":"2019-11-15T10:06:53","slug":"allemagne-modele-de-gestion-financiere","status":"publish","type":"post","link":"https:\/\/un-homme-averti-en-vaut-deux.info\/index.php\/2019\/11\/15\/allemagne-modele-de-gestion-financiere\/","title":{"rendered":"Allemagne, mod\u00e8le de gestion financi\u00e8re ?"},"content":{"rendered":"\n<figure class=\"wp-block-image size-large\"><img decoding=\"async\" src=\"https:\/\/www.toonpool.com\/user\/2041\/files\/angela_merkel-deutsche_bank_1936415.jpg\" alt=\"\"\/><figcaption>Angela Merkel tentant de sauver la Deutsche Bank<\/figcaption><\/figure>\n\n\n\n<p>Bonjour \u00e0 tous<\/p>\n\n\n\n<p>Je vous relaie ici deux articles forts instructifs sur l&rsquo;\u00e9tat de d\u00e9liquescence financi\u00e8re de la premi\u00e8re banque d&rsquo;Allemagne, la Deutsche Bank. <\/p>\n\n\n\n<p><a href=\"https:\/\/planetes360.fr\/alerte-lallemagne-veut-mutualiser-les-pertes-de-la-deutsche-bank\/\">https:\/\/planetes360.fr\/alerte-lallemagne-veut-mutualiser-les-pertes-de-la-deutsche-bank\/<\/a><\/p>\n\n\n\n<p>Avec 4 milliards de dettes projet\u00e9s sur 2019 au rythme de ses 3 derni\u00e8res publications trimestrielles et un ratio d&rsquo;\u00e9valuation \u00e0 39 (vs 32 pour Lehmann Brother en 2008), c&rsquo;est dire que la fin est proche.<\/p>\n\n\n\n<p>L&rsquo;ennui dans tout \u00e7\u00e0 c&rsquo;est que le ministre allemand des finances, apr\u00e8s une p\u00e9riode posturale hyper-raide (vis \u00e0 vis des grecs notamment), souhaite d\u00e9sormais profiter de l\u00a0\u00bbamortisseur europ\u00e9en\u00a0\u00bb que constitue le fond de stabilit\u00e9 et de r\u00e9solution (celui qui est cens\u00e9 garantir les d\u00e9p\u00f4ts des \u00e9pargnants jusqu&rsquo;\u00e0 100 k\u20ac) mais aussi en solidarisant les banques entre elles. Le m\u00eame dont Gael Giraud, \u00e9conomiste reconnu disait qu&rsquo;il serait sous-dimensionn\u00e9 en cas de faillite d&rsquo;une des 5 banques majeures fran\u00e7aises.<\/p>\n\n\n\n<p>C&rsquo;est l\u00e0 que le 2e article intervient. <\/p>\n\n\n\n<p><a href=\"https:\/\/www.zonebourse.com\/DEUTSCHE-BANK-AG-56358396\/actualite\/Deutsche-Bank-recoit-les-autorisations-necessaires-au-transfert-d-activites-a-BNP-Paribas-29577042\/\">https:\/\/www.zonebourse.com\/DEUTSCHE-BANK-AG-56358396\/actualite\/Deutsche-Bank-recoit-les-autorisations-necessaires-au-transfert-d-activites-a-BNP-Paribas-29577042\/<\/a><\/p>\n\n\n\n<p>En le lisant, vous aurez compris que BNP va prochainement se lier davantage \u00e0 la situation de la Deutsche Bank en reprenant une partie de ses activit\u00e9s.<\/p>\n\n\n\n<p>Je vous laisse donc imaginer le sc\u00e9nario d&rsquo;une chute de la DB avec dans son sillage la BNP par contagion. Si vous avez plus de 100 k\u20ac d&rsquo;actifs, certes, vous avez la chance dans la pointe de la pyramide sociale mais vous devriez songer s\u00e9rieusement \u00e0 acheter une lessiveuse. A bon entendeur &#8230;<\/p>\n\n\n\n<p>vid\u00e9o des explications fournies par Gael Giraud :<\/p>\n\n\n\n<figure class=\"wp-block-embed-youtube wp-block-embed is-type-video is-provider-youtube wp-embed-aspect-16-9 wp-has-aspect-ratio\"><div class=\"wp-block-embed__wrapper\">\n<iframe loading=\"lazy\" title=\"\u00ab La crise qui vient \u00bb \u2013 Quartier Libre avec Ga\u00ebl Giraud\" width=\"629\" height=\"354\" src=\"https:\/\/www.youtube.com\/embed\/aZy2il2wGFQ?feature=oembed\" frameborder=\"0\" allow=\"accelerometer; autoplay; clipboard-write; encrypted-media; gyroscope; picture-in-picture; web-share\" referrerpolicy=\"strict-origin-when-cross-origin\" allowfullscreen><\/iframe>\n<\/div><\/figure>\n","protected":false},"excerpt":{"rendered":"<p>Bonjour \u00e0 tous Je vous relaie ici deux articles forts instructifs sur l&rsquo;\u00e9tat de d\u00e9liquescence financi\u00e8re de la premi\u00e8re banque d&rsquo;Allemagne, la Deutsche Bank. https:\/\/planetes360.fr\/alerte-lallemagne-veut-mutualiser-les-pertes-de-la-deutsche-bank\/ Avec 4 milliards de dettes projet\u00e9s sur 2019 au rythme de ses 3 derni\u00e8res publications trimestrielles et un ratio d&rsquo;\u00e9valuation \u00e0 39 (vs 32 pour Lehmann Brother en 2008), c&rsquo;est [&hellip;]<\/p>\n","protected":false},"author":2,"featured_media":0,"comment_status":"open","ping_status":"open","sticky":false,"template":"","format":"standard","meta":{"_jetpack_memberships_contains_paid_content":false,"footnotes":"","jetpack_publicize_message":"","jetpack_publicize_feature_enabled":true,"jetpack_social_post_already_shared":true,"jetpack_social_options":{"image_generator_settings":{"template":"highway","default_image_id":0,"enabled":false},"version":2}},"categories":[6,9],"tags":[],"class_list":["post-160","post","type-post","status-publish","format-standard","hentry","category-finances","category-externes"],"jetpack_publicize_connections":[],"jetpack_featured_media_url":"","jetpack_sharing_enabled":true,"_links":{"self":[{"href":"https:\/\/un-homme-averti-en-vaut-deux.info\/index.php\/wp-json\/wp\/v2\/posts\/160","targetHints":{"allow":["GET"]}}],"collection":[{"href":"https:\/\/un-homme-averti-en-vaut-deux.info\/index.php\/wp-json\/wp\/v2\/posts"}],"about":[{"href":"https:\/\/un-homme-averti-en-vaut-deux.info\/index.php\/wp-json\/wp\/v2\/types\/post"}],"author":[{"embeddable":true,"href":"https:\/\/un-homme-averti-en-vaut-deux.info\/index.php\/wp-json\/wp\/v2\/users\/2"}],"replies":[{"embeddable":true,"href":"https:\/\/un-homme-averti-en-vaut-deux.info\/index.php\/wp-json\/wp\/v2\/comments?post=160"}],"version-history":[{"count":1,"href":"https:\/\/un-homme-averti-en-vaut-deux.info\/index.php\/wp-json\/wp\/v2\/posts\/160\/revisions"}],"predecessor-version":[{"id":161,"href":"https:\/\/un-homme-averti-en-vaut-deux.info\/index.php\/wp-json\/wp\/v2\/posts\/160\/revisions\/161"}],"wp:attachment":[{"href":"https:\/\/un-homme-averti-en-vaut-deux.info\/index.php\/wp-json\/wp\/v2\/media?parent=160"}],"wp:term":[{"taxonomy":"category","embeddable":true,"href":"https:\/\/un-homme-averti-en-vaut-deux.info\/index.php\/wp-json\/wp\/v2\/categories?post=160"},{"taxonomy":"post_tag","embeddable":true,"href":"https:\/\/un-homme-averti-en-vaut-deux.info\/index.php\/wp-json\/wp\/v2\/tags?post=160"}],"curies":[{"name":"wp","href":"https:\/\/api.w.org\/{rel}","templated":true}]}}