{"id":4,"date":"2018-09-05T14:41:36","date_gmt":"2018-09-05T12:41:36","guid":{"rendered":"http:\/\/un-homme-averti-en-vaut-deux.info\/?p=4"},"modified":"2018-09-18T13:27:21","modified_gmt":"2018-09-18T11:27:21","slug":"nucleaire-epr-cest-pas-encore-fini","status":"publish","type":"post","link":"https:\/\/un-homme-averti-en-vaut-deux.info\/index.php\/2018\/09\/05\/nucleaire-epr-cest-pas-encore-fini\/","title":{"rendered":"Nucl\u00e9aire, EPR, c&rsquo;est pas encore fini"},"content":{"rendered":"<p><img loading=\"lazy\" decoding=\"async\" class=\"aligncenter size-large wp-image-65\" src=\"http:\/\/un-homme-averti-en-vaut-deux.info\/wp-content\/uploads\/2018\/09\/nuclear-power-plant-261119_1280-1024x557.jpg\" alt=\"\" width=\"730\" height=\"397\" srcset=\"https:\/\/un-homme-averti-en-vaut-deux.info\/wp-content\/uploads\/2018\/09\/nuclear-power-plant-261119_1280-1024x557.jpg 1024w, https:\/\/un-homme-averti-en-vaut-deux.info\/wp-content\/uploads\/2018\/09\/nuclear-power-plant-261119_1280-300x163.jpg 300w, https:\/\/un-homme-averti-en-vaut-deux.info\/wp-content\/uploads\/2018\/09\/nuclear-power-plant-261119_1280-768x418.jpg 768w, https:\/\/un-homme-averti-en-vaut-deux.info\/wp-content\/uploads\/2018\/09\/nuclear-power-plant-261119_1280.jpg 1280w\" sizes=\"auto, (max-width: 730px) 100vw, 730px\" \/><\/p>\n<p>Pour inaugurer ce blog, j&rsquo;ai choisi de parler du nucl\u00e9aire et de l&rsquo;EPR. Peut \u00eatre parce que mon p\u00e8re a travaill\u00e9 7 ans pour un sous traitant de Framatome.<\/p>\n<h2>Une fili\u00e8re qui ne se finance pas<\/h2>\n<p>Une des premi\u00e8res questions qui revient depuis longtemps au sujet du nucl\u00e9aire est celui du financement de la fili\u00e8re.<\/p>\n<p>Je vous renvoie \u00e0 cet article bien \u00e9crit de la d\u00e9put\u00e9 europ\u00e9enne \u00e9cologiste Corinne Lepage qui soul\u00e8ve le point d\u00e8s 2011 et l&rsquo;a repris \u00e0 maintes reprises depuis<\/p>\n<p><a href=\"https:\/\/www.huffingtonpost.fr\/corinne-lepage\/pourquoi-le-nucleaire-est-en-train-de-ruiner-la-france_a_23245628\/\">https:\/\/www.huffingtonpost.fr\/corinne-lepage\/pourquoi-le-nucleaire-est-en-train-de-ruiner-la-france_a_23245628\/<\/a>.<\/p>\n<p>Depuis le sujet ne s&rsquo;est pas arrang\u00e9, Areva a fr\u00f4l\u00e9 la faillite en 2017 et d\u00e9but 2018, m\u00eame si M. Macron n&rsquo;y \u00e9tait pas favorable, un rapprochement s&rsquo;est op\u00e9r\u00e9 entre EDF et Areva, cette derni\u00e8re d<a href=\"https:\/\/www.actu-environnement.com\/ae\/news\/dette-financiere-edf-areva-12039.php4\">evenant filiale sous le nom de Framatome<\/a> (clin d&rsquo;oeil \u00e0 son nom pr\u00e9c\u00e9dent Ar\u00e9va)<\/p>\n<h2>Un d\u00e9ficit d&rsquo;investissement<\/h2>\n<p>Comme l&rsquo;explique l&rsquo;article du Huffington, il manque 6 milliards d&rsquo;investissement chez EDF par an pour traiter, entre autres choses, les phases de r\u00e9novations du parc actuel qui arrive en fin de vie, la R&amp;D sur les d\u00e9chets nucl\u00e9aires.<\/p>\n<p>En 2014, des journalistes d&rsquo;investigation avaient par ailleurs \u00e9tablit que les sommes per\u00e7ues au titre de la r\u00e9cente taxe mise en place sur nos KWh factur\u00e9s par les op\u00e9rateurs pour financer la R&amp;D sur le traitement des d\u00e9chets avaient finalement servies au d\u00e9veloppement d&rsquo;EDF et de l&rsquo;atome au Br\u00e9sil.<\/p>\n<p>Paradoxalement, la gestion des d\u00e9chets \u00e9tant loin d&rsquo;\u00eatre r\u00e9solue pour r\u00e9duire drastiquement la dur\u00e9e ou la force de leurs \u00e9missions radioactives, j&rsquo;ai d\u00e9couvert que les sp\u00e9cialistes du nucl\u00e9aire investissaient les groupes de recherche sur le langage universel. Et cela afin de trouver une fa\u00e7on unique et fiable d&rsquo;expliquer aux g\u00e9n\u00e9rations futures des 10000 prochaines ann\u00e9es, qu&rsquo;il ne faut absolument par d\u00e9terrer les d\u00e9chets que leurs a\u00efeux auraient enfouis soigneusement.<\/p>\n<h2>L&rsquo;EPR, un fiasco technologique<\/h2>\n<p>Un \u00e9nieme report du lancement de l&rsquo;EPR \u00e0 flamanville, d&rsquo;un cette fois, repoussant le lancement \u00e0 fin 2019, augmente le co\u00fbt pr\u00e9visionnel de 400 Millions d&rsquo;\u20ac pour un total \u00e0 10,9 Milliards d&rsquo;Euros<\/p>\n<p><a href=\"https:\/\/www.capital.fr\/entreprises-marches\/edf-report-de-la-mise-en-service-de-lepr-de-flamanville-1299796\">https:\/\/www.capital.fr\/entreprises-marches\/edf-report-de-la-mise-en-service-de-lepr-de-flamanville-1299796<\/a><\/p>\n<p>L&rsquo;EPR finlandais connait une d\u00e9rive similaire passant de 3 \u00e0 8 Mds d&rsquo;\u20ac.<\/p>\n<p>http:\/\/www.lefigaro.fr\/societes\/2018\/03\/11\/20005-20180311ARTFIG00163-areva-la-fin-du-cauchemar-finlandais.php<\/p>\n<p>L&rsquo;EPR anglais d&rsquo;Inkley point est moins mal loti car il a \u00e9t\u00e9 d\u00e9marr\u00e9 plus r\u00e9cemment mais des d\u00e9passements de budget ont d\u00e9j\u00e0 \u00e9t\u00e9 annonc\u00e9 (1,5 milliard de Livre Sterling en sus des 19.6 de budget initial<\/p>\n<p><a href=\"http:\/\/video.lefigaro.fr\/figaro\/video\/hinkley-point-un-chantier-colossal-et-controverse-de-21-5-milliards-d-euros\/5062292768001\/\">http:\/\/video.lefigaro.fr\/figaro\/video\/hinkley-point-un-chantier-colossal-et-controverse-de-21-5-milliards-d-euros\/5062292768001\/<\/a><\/p>\n<p><a href=\"https:\/\/www.usinenouvelle.com\/article\/edf-confirme-le-calendrier-du-projet-hinkley-point-et-evoque-les-reacteurs-a-sizewell.N639413\">https:\/\/www.usinenouvelle.com\/article\/edf-confirme-le-calendrier-du-projet-hinkley-point-et-evoque-les-reacteurs-a-sizewell.N639413<\/a><\/p>\n<p><a href=\"https:\/\/www.lemonde.fr\/economie\/article\/2017\/07\/03\/hinkley-point-edf-revise-a-la-hausse-le-cout-des-deux-reacteurs-epr_5154950_3234.html\">https:\/\/www.lemonde.fr\/economie\/article\/2017\/07\/03\/hinkley-point-edf-revise-a-la-hausse-le-cout-des-deux-reacteurs-epr_5154950_3234.html<\/a><\/p>\n<p>EDF a rassur\u00e9 son client en annon\u00e7ant assumer 66% du surcout, ce qui ne devrait pas nous rassurer, nous les contribuables fran\u00e7ais.<\/p>\n<h2>Quand \u00e7\u00e0 cafouille, acc\u00e9l\u00e9rons<\/h2>\n<p>Nicolas Hulot venait juste d&rsquo;annoncer sa d\u00e9mission qu&rsquo;un rapport command\u00e9 par lui et le ministre de l&rsquo;\u00e9conomie lui \u00e9tait remis pour pr\u00e9coniser la construction de 6 nouveaux EPR d&rsquo;ici 2035.<\/p>\n<p>Comme le pr\u00e9cise <a href=\"http:\/\/www.lefigaro.fr\/societes\/2018\/06\/19\/20005-20180619ARTFIG00003-nucleaire-pourquoi-les-chantiers-des-epr-s-eternisent-tant.php\">cet article,<\/a> un EPR co\u00fbte au final en moyenne 10.5 Mds d&rsquo;\u20ac contre 3.5 Mds d&rsquo;\u20ac pr\u00e9vu<\/p>\n<p>Il serait donc grand temps que notre gouvernement stoppe cette fuite en avant de capitaux que nous devrons collectivement assumer soit par la re-capitalisation d&rsquo;EDF\/Areva, soit par une augmentation des co\u00fbts de fournitures d&rsquo;\u00e9nergie.<\/p>\n<p>Pourquoi ne pas dire stop et viser l&rsquo;autonomie \u00e9nerg\u00e9tique par une r\u00e9duction drastique de nos consommations et par une transition vers les \u00e9nergies renouvelables&#8230;<\/p>\n<p>Je vous laisse r\u00e9fl\u00e9chir<\/p>\n<p>&nbsp;<\/p>\n<p>&nbsp;<\/p>\n","protected":false},"excerpt":{"rendered":"<p>Pour inaugurer ce blog, j&rsquo;ai choisi de parler du nucl\u00e9aire et de l&rsquo;EPR. Peut \u00eatre parce que mon p\u00e8re a travaill\u00e9 7 ans pour un sous traitant de Framatome. Une fili\u00e8re qui ne se finance pas Une des premi\u00e8res questions qui revient depuis longtemps au sujet du nucl\u00e9aire est celui du financement de la fili\u00e8re. [&hellip;]<\/p>\n","protected":false},"author":2,"featured_media":65,"comment_status":"open","ping_status":"open","sticky":false,"template":"","format":"standard","meta":{"_jetpack_memberships_contains_paid_content":false,"footnotes":"","jetpack_publicize_message":"","jetpack_publicize_feature_enabled":true,"jetpack_social_post_already_shared":false,"jetpack_social_options":{"image_generator_settings":{"template":"highway","default_image_id":0,"enabled":false},"version":2}},"categories":[4,6,8],"tags":[],"class_list":["post-4","post","type-post","status-publish","format-standard","has-post-thumbnail","hentry","category-environnement","category-finances","category-nucleaire"],"jetpack_publicize_connections":[],"jetpack_featured_media_url":"https:\/\/un-homme-averti-en-vaut-deux.info\/wp-content\/uploads\/2018\/09\/nuclear-power-plant-261119_1280.jpg","jetpack_sharing_enabled":true,"_links":{"self":[{"href":"https:\/\/un-homme-averti-en-vaut-deux.info\/index.php\/wp-json\/wp\/v2\/posts\/4","targetHints":{"allow":["GET"]}}],"collection":[{"href":"https:\/\/un-homme-averti-en-vaut-deux.info\/index.php\/wp-json\/wp\/v2\/posts"}],"about":[{"href":"https:\/\/un-homme-averti-en-vaut-deux.info\/index.php\/wp-json\/wp\/v2\/types\/post"}],"author":[{"embeddable":true,"href":"https:\/\/un-homme-averti-en-vaut-deux.info\/index.php\/wp-json\/wp\/v2\/users\/2"}],"replies":[{"embeddable":true,"href":"https:\/\/un-homme-averti-en-vaut-deux.info\/index.php\/wp-json\/wp\/v2\/comments?post=4"}],"version-history":[{"count":7,"href":"https:\/\/un-homme-averti-en-vaut-deux.info\/index.php\/wp-json\/wp\/v2\/posts\/4\/revisions"}],"predecessor-version":[{"id":66,"href":"https:\/\/un-homme-averti-en-vaut-deux.info\/index.php\/wp-json\/wp\/v2\/posts\/4\/revisions\/66"}],"wp:featuredmedia":[{"embeddable":true,"href":"https:\/\/un-homme-averti-en-vaut-deux.info\/index.php\/wp-json\/wp\/v2\/media\/65"}],"wp:attachment":[{"href":"https:\/\/un-homme-averti-en-vaut-deux.info\/index.php\/wp-json\/wp\/v2\/media?parent=4"}],"wp:term":[{"taxonomy":"category","embeddable":true,"href":"https:\/\/un-homme-averti-en-vaut-deux.info\/index.php\/wp-json\/wp\/v2\/categories?post=4"},{"taxonomy":"post_tag","embeddable":true,"href":"https:\/\/un-homme-averti-en-vaut-deux.info\/index.php\/wp-json\/wp\/v2\/tags?post=4"}],"curies":[{"name":"wp","href":"https:\/\/api.w.org\/{rel}","templated":true}]}}