{"id":99,"date":"2019-09-27T17:02:43","date_gmt":"2019-09-27T15:02:43","guid":{"rendered":"http:\/\/un-homme-averti-en-vaut-deux.info\/?p=99"},"modified":"2019-09-27T17:02:43","modified_gmt":"2019-09-27T15:02:43","slug":"les-mentalites-changent-lentement-mais-elles-changent","status":"publish","type":"post","link":"https:\/\/un-homme-averti-en-vaut-deux.info\/index.php\/2019\/09\/27\/les-mentalites-changent-lentement-mais-elles-changent\/","title":{"rendered":"Les mentalit\u00e9s changent lentement mais elles changent"},"content":{"rendered":"<p><blockquote class=\"wp-embedded-content\" data-secret=\"9JOQ8tCiVj\"><a href=\"https:\/\/positivr.fr\/changer-systeme-economique-barometre-greenflex\/\">57% des Fran\u00e7ais veulent changer de mod\u00e8le \u00e9conomique<\/a><\/blockquote><iframe loading=\"lazy\" class=\"wp-embedded-content\" sandbox=\"allow-scripts\" security=\"restricted\" style=\"position: absolute; visibility: hidden;\" title=\"\u00ab\u00a057% des Fran\u00e7ais veulent changer de mod\u00e8le \u00e9conomique\u00a0\u00bb &#8212; POSITIVR\" src=\"https:\/\/positivr.fr\/changer-systeme-economique-barometre-greenflex\/embed\/#?secret=CUv5vy6ERv#?secret=9JOQ8tCiVj\" data-secret=\"9JOQ8tCiVj\" width=\"600\" height=\"338\" frameborder=\"0\" marginwidth=\"0\" marginheight=\"0\" scrolling=\"no\"><\/iframe><\/p>\n\n\n<p>Il n&rsquo;y a plus qu&rsquo;\u00e0 esp\u00e9rer que les actes suivent &#8230;<\/p>\n","protected":false},"excerpt":{"rendered":"<p>57% des Fran\u00e7ais veulent changer de mod\u00e8le \u00e9conomique Il n&rsquo;y a plus qu&rsquo;\u00e0 esp\u00e9rer que les actes suivent &#8230;<\/p>\n","protected":false},"author":2,"featured_media":0,"comment_status":"open","ping_status":"open","sticky":false,"template":"","format":"standard","meta":{"_jetpack_memberships_contains_paid_content":false,"footnotes":"","jetpack_publicize_message":"","jetpack_publicize_feature_enabled":true,"jetpack_social_post_already_shared":true,"jetpack_social_options":{"image_generator_settings":{"template":"highway","default_image_id":0,"enabled":false},"version":2}},"categories":[1],"tags":[],"class_list":["post-99","post","type-post","status-publish","format-standard","hentry","category-non-classe"],"jetpack_publicize_connections":[],"jetpack_featured_media_url":"","jetpack_sharing_enabled":true,"_links":{"self":[{"href":"https:\/\/un-homme-averti-en-vaut-deux.info\/index.php\/wp-json\/wp\/v2\/posts\/99","targetHints":{"allow":["GET"]}}],"collection":[{"href":"https:\/\/un-homme-averti-en-vaut-deux.info\/index.php\/wp-json\/wp\/v2\/posts"}],"about":[{"href":"https:\/\/un-homme-averti-en-vaut-deux.info\/index.php\/wp-json\/wp\/v2\/types\/post"}],"author":[{"embeddable":true,"href":"https:\/\/un-homme-averti-en-vaut-deux.info\/index.php\/wp-json\/wp\/v2\/users\/2"}],"replies":[{"embeddable":true,"href":"https:\/\/un-homme-averti-en-vaut-deux.info\/index.php\/wp-json\/wp\/v2\/comments?post=99"}],"version-history":[{"count":2,"href":"https:\/\/un-homme-averti-en-vaut-deux.info\/index.php\/wp-json\/wp\/v2\/posts\/99\/revisions"}],"predecessor-version":[{"id":112,"href":"https:\/\/un-homme-averti-en-vaut-deux.info\/index.php\/wp-json\/wp\/v2\/posts\/99\/revisions\/112"}],"wp:attachment":[{"href":"https:\/\/un-homme-averti-en-vaut-deux.info\/index.php\/wp-json\/wp\/v2\/media?parent=99"}],"wp:term":[{"taxonomy":"category","embeddable":true,"href":"https:\/\/un-homme-averti-en-vaut-deux.info\/index.php\/wp-json\/wp\/v2\/categories?post=99"},{"taxonomy":"post_tag","embeddable":true,"href":"https:\/\/un-homme-averti-en-vaut-deux.info\/index.php\/wp-json\/wp\/v2\/tags?post=99"}],"curies":[{"name":"wp","href":"https:\/\/api.w.org\/{rel}","templated":true}]}}